{"id":1201,"date":"2026-08-30T07:25:23","date_gmt":"2026-08-30T11:25:23","guid":{"rendered":"https:\/\/www.creceelnegocio.com\/?p=1201"},"modified":"2026-08-30T07:43:01","modified_gmt":"2026-08-30T11:43:01","slug":"la-diferencia-entre-musica-y-ruido","status":"publish","type":"post","link":"https:\/\/www.creceelnegocio.com\/en\/2026\/08\/30\/la-diferencia-entre-musica-y-ruido\/","title":{"rendered":"La diferencia entre m\u00fasica y ruido"},"content":{"rendered":"<p><img data-recalc-dims=\"1\" decoding=\"async\" src=\"https:\/\/i0.wp.com\/www.creceelnegocio.com\/wp-content\/uploads\/2026\/08\/crece-musica-ruido-16x9-1.jpg?w=1200&#038;ssl=1\" alt=\"La diferencia entre m\u00fasica y ruido\"  style=\"max-width:100%;height:auto;display:block\" \/><\/p>\n<p>El ruido llena el cuarto, se escucha y cansa. Por eso se confunde con una vida llena. Una vida de acci\u00f3n, donde hay movimientos que producen resultados.<\/p>\n<p>La m\u00fasica, por otra parte, carga intenci\u00f3n; el silencio es parte de su ser, de su dise\u00f1o. Alguien eligi\u00f3 que, en ese preciso momento, no existiera sonido alguno.<\/p>\n<p>Una vida con ruido es muchos compromisos, muchas pantallas, mucha gente, y al final del d\u00eda no eres capaz de poder tararear la melod\u00eda de este.<\/p>\n<p>Una vida con m\u00fasica se reconoce: hay un tema, posee un norte. Muchas partes se dejaron fuera para que se oyera lo dem\u00e1s en funcional armon\u00eda.<\/p>\n<p>No es simplemente \u00abmenos es m\u00e1s\u00bb; es m\u00e1s de aquello que permitir\u00e1 esa armon\u00eda funcional en tu vida. Menos ruido, m\u00e1s m\u00fasica.<\/p>\n<p>Si se te hace dif\u00edcil articular qu\u00e9 es lo que est\u00e1s construyendo, entonces el ruido se ha apoderado de tu vida.<\/p>\n<p>B\u00e1jale el volumen al ruido y deja que los espacios de silencio de la m\u00fasica te muestren el camino.<\/p>","protected":false},"excerpt":{"rendered":"<p>El ruido llena el cuarto, se escucha y cansa. Por eso se confunde con una vida llena. Menos ruido, m\u00e1s m\u00fasica.<\/p>","protected":false},"author":3,"featured_media":1205,"comment_status":"closed","ping_status":"open","sticky":false,"template":"","format":"standard","meta":{"footnotes":"","jetpack_post_was_ever_published":false},"categories":[32],"tags":[],"class_list":["post-1201","post","type-post","status-publish","format-standard","has-post-thumbnail","hentry","category-crecer-el-negocio"],"yoast_head":"<!-- This site is optimized with the Yoast SEO plugin v28.1 - https:\/\/yoast.com\/product\/yoast-seo-wordpress\/ -->\n<title>La diferencia entre m\u00fasica y ruido - CreceElnegocio.com<\/title>\n<meta name=\"robots\" content=\"index, follow, max-snippet:-1, max-image-preview:large, max-video-preview:-1\" \/>\n<link rel=\"canonical\" href=\"https:\/\/www.creceelnegocio.com\/en\/2026\/08\/30\/la-diferencia-entre-musica-y-ruido\/\" \/>\n<meta property=\"og:locale\" content=\"en_US\" \/>\n<meta property=\"og:type\" content=\"article\" \/>\n<meta property=\"og:title\" content=\"La diferencia entre m\u00fasica y ruido - CreceElnegocio.com\" \/>\n<meta property=\"og:description\" content=\"El ruido llena el cuarto, se escucha y cansa. Por eso se confunde con una vida llena. Menos ruido, m\u00e1s m\u00fasica.\" \/>\n<meta property=\"og:url\" content=\"https:\/\/www.creceelnegocio.com\/en\/2026\/08\/30\/la-diferencia-entre-musica-y-ruido\/\" \/>\n<meta property=\"og:site_name\" content=\"CreceElnegocio.com\" \/>\n<meta property=\"article:publisher\" content=\"https:\/\/www.facebook.com\/coachjenkos\/\" \/>\n<meta property=\"article:published_time\" content=\"2026-08-30T11:25:23+00:00\" \/>\n<meta property=\"article:modified_time\" content=\"2026-08-30T11:43:01+00:00\" \/>\n<meta property=\"og:image\" content=\"https:\/\/i0.wp.com\/www.creceelnegocio.com\/wp-content\/uploads\/2026\/08\/crece-musica-ruido-16x9-1.jpg?fit=2160%2C1214&ssl=1\" \/>\n\t<meta property=\"og:image:width\" content=\"2160\" \/>\n\t<meta property=\"og:image:height\" content=\"1214\" \/>\n\t<meta property=\"og:image:type\" content=\"image\/jpeg\" \/>\n<meta name=\"author\" content=\"the24crew the24crew\" \/>\n<meta name=\"twitter:card\" content=\"summary_large_image\" \/>\n<meta name=\"twitter:creator\" content=\"@coachjenkos\" \/>\n<meta name=\"twitter:site\" content=\"@coachjenkos\" \/>\n<meta name=\"twitter:label1\" content=\"Written by\" \/>\n\t<meta name=\"twitter:data1\" content=\"the24crew the24crew\" \/>\n\t<meta name=\"twitter:label2\" content=\"Est. reading time\" \/>\n\t<meta name=\"twitter:data2\" content=\"1 minute\" \/>\n<script type=\"application\/ld+json\" class=\"yoast-schema-graph\">{\"@context\":\"https:\\\/\\\/schema.org\",\"@graph\":[{\"@type\":\"Article\",\"@id\":\"https:\\\/\\\/www.creceelnegocio.com\\\/2026\\\/08\\\/30\\\/la-diferencia-entre-musica-y-ruido\\\/#article\",\"isPartOf\":{\"@id\":\"https:\\\/\\\/www.creceelnegocio.com\\\/2026\\\/08\\\/30\\\/la-diferencia-entre-musica-y-ruido\\\/\"},\"author\":{\"name\":\"the24crew the24crew\",\"@id\":\"https:\\\/\\\/www.creceelnegocio.com\\\/#\\\/schema\\\/person\\\/b3689096ec312a85f668540eccbf2743\"},\"headline\":\"La diferencia entre m\u00fasica y ruido\",\"datePublished\":\"2026-08-30T11:25:23+00:00\",\"dateModified\":\"2026-08-30T11:43:01+00:00\",\"mainEntityOfPage\":{\"@id\":\"https:\\\/\\\/www.creceelnegocio.com\\\/2026\\\/08\\\/30\\\/la-diferencia-entre-musica-y-ruido\\\/\"},\"wordCount\":194,\"image\":{\"@id\":\"https:\\\/\\\/www.creceelnegocio.com\\\/2026\\\/08\\\/30\\\/la-diferencia-entre-musica-y-ruido\\\/#primaryimage\"},\"thumbnailUrl\":\"https:\\\/\\\/i0.wp.com\\\/www.creceelnegocio.com\\\/wp-content\\\/uploads\\\/2026\\\/08\\\/crece-musica-ruido-16x9-1.jpg?fit=2160%2C1214&ssl=1\",\"articleSection\":[\"Crecer el Negocio\"],\"inLanguage\":\"en-US\"},{\"@type\":\"WebPage\",\"@id\":\"https:\\\/\\\/www.creceelnegocio.com\\\/2026\\\/08\\\/30\\\/la-diferencia-entre-musica-y-ruido\\\/\",\"url\":\"https:\\\/\\\/www.creceelnegocio.com\\\/2026\\\/08\\\/30\\\/la-diferencia-entre-musica-y-ruido\\\/\",\"name\":\"La diferencia entre m\u00fasica y ruido - CreceElnegocio.com\",\"isPartOf\":{\"@id\":\"https:\\\/\\\/www.creceelnegocio.com\\\/#website\"},\"primaryImageOfPage\":{\"@id\":\"https:\\\/\\\/www.creceelnegocio.com\\\/2026\\\/08\\\/30\\\/la-diferencia-entre-musica-y-ruido\\\/#primaryimage\"},\"image\":{\"@id\":\"https:\\\/\\\/www.creceelnegocio.com\\\/2026\\\/08\\\/30\\\/la-diferencia-entre-musica-y-ruido\\\/#primaryimage\"},\"thumbnailUrl\":\"https:\\\/\\\/i0.wp.com\\\/www.creceelnegocio.com\\\/wp-content\\\/uploads\\\/2026\\\/08\\\/crece-musica-ruido-16x9-1.jpg?fit=2160%2C1214&ssl=1\",\"datePublished\":\"2026-08-30T11:25:23+00:00\",\"dateModified\":\"2026-08-30T11:43:01+00:00\",\"author\":{\"@id\":\"https:\\\/\\\/www.creceelnegocio.com\\\/#\\\/schema\\\/person\\\/b3689096ec312a85f668540eccbf2743\"},\"breadcrumb\":{\"@id\":\"https:\\\/\\\/www.creceelnegocio.com\\\/2026\\\/08\\\/30\\\/la-diferencia-entre-musica-y-ruido\\\/#breadcrumb\"},\"inLanguage\":\"en-US\",\"potentialAction\":[{\"@type\":\"ReadAction\",\"target\":[\"https:\\\/\\\/www.creceelnegocio.com\\\/2026\\\/08\\\/30\\\/la-diferencia-entre-musica-y-ruido\\\/\"]}]},{\"@type\":\"ImageObject\",\"inLanguage\":\"en-US\",\"@id\":\"https:\\\/\\\/www.creceelnegocio.com\\\/2026\\\/08\\\/30\\\/la-diferencia-entre-musica-y-ruido\\\/#primaryimage\",\"url\":\"https:\\\/\\\/i0.wp.com\\\/www.creceelnegocio.com\\\/wp-content\\\/uploads\\\/2026\\\/08\\\/crece-musica-ruido-16x9-1.jpg?fit=2160%2C1214&ssl=1\",\"contentUrl\":\"https:\\\/\\\/i0.wp.com\\\/www.creceelnegocio.com\\\/wp-content\\\/uploads\\\/2026\\\/08\\\/crece-musica-ruido-16x9-1.jpg?fit=2160%2C1214&ssl=1\",\"width\":2160,\"height\":1214},{\"@type\":\"BreadcrumbList\",\"@id\":\"https:\\\/\\\/www.creceelnegocio.com\\\/2026\\\/08\\\/30\\\/la-diferencia-entre-musica-y-ruido\\\/#breadcrumb\",\"itemListElement\":[{\"@type\":\"ListItem\",\"position\":1,\"name\":\"Home\",\"item\":\"https:\\\/\\\/www.creceelnegocio.com\\\/\"},{\"@type\":\"ListItem\",\"position\":2,\"name\":\"La diferencia entre m\u00fasica y ruido\"}]},{\"@type\":\"WebSite\",\"@id\":\"https:\\\/\\\/www.creceelnegocio.com\\\/#website\",\"url\":\"https:\\\/\\\/www.creceelnegocio.com\\\/\",\"name\":\"CreceElnegocio.com\",\"description\":\"Trabaja para que tu negocio trabaje para ti y no al rev\u00e9s.\",\"potentialAction\":[{\"@type\":\"SearchAction\",\"target\":{\"@type\":\"EntryPoint\",\"urlTemplate\":\"https:\\\/\\\/www.creceelnegocio.com\\\/?s={search_term_string}\"},\"query-input\":{\"@type\":\"PropertyValueSpecification\",\"valueRequired\":true,\"valueName\":\"search_term_string\"}}],\"inLanguage\":\"en-US\"},{\"@type\":\"Person\",\"@id\":\"https:\\\/\\\/www.creceelnegocio.com\\\/#\\\/schema\\\/person\\\/b3689096ec312a85f668540eccbf2743\",\"name\":\"the24crew the24crew\",\"image\":{\"@type\":\"ImageObject\",\"inLanguage\":\"en-US\",\"@id\":\"https:\\\/\\\/secure.gravatar.com\\\/avatar\\\/293bce17b285909906e939a938ccc4ec33c7cbd51eb71a73520b4d3f5d1b1d68?s=96&d=mm&r=g\",\"url\":\"https:\\\/\\\/secure.gravatar.com\\\/avatar\\\/293bce17b285909906e939a938ccc4ec33c7cbd51eb71a73520b4d3f5d1b1d68?s=96&d=mm&r=g\",\"contentUrl\":\"https:\\\/\\\/secure.gravatar.com\\\/avatar\\\/293bce17b285909906e939a938ccc4ec33c7cbd51eb71a73520b4d3f5d1b1d68?s=96&d=mm&r=g\",\"caption\":\"the24crew the24crew\"},\"url\":\"https:\\\/\\\/www.creceelnegocio.com\\\/en\\\/author\\\/the24crew\\\/\"}]}<\/script>\n<!-- \/ Yoast SEO plugin. -->","yoast_head_json":{"title":"La diferencia entre m\u00fasica y ruido - CreceElnegocio.com","robots":{"index":"index","follow":"follow","max-snippet":"max-snippet:-1","max-image-preview":"max-image-preview:large","max-video-preview":"max-video-preview:-1"},"canonical":"https:\/\/www.creceelnegocio.com\/en\/2026\/08\/30\/la-diferencia-entre-musica-y-ruido\/","og_locale":"en_US","og_type":"article","og_title":"La diferencia entre m\u00fasica y ruido - CreceElnegocio.com","og_description":"El ruido llena el cuarto, se escucha y cansa. Por eso se confunde con una vida llena. Menos ruido, m\u00e1s m\u00fasica.","og_url":"https:\/\/www.creceelnegocio.com\/en\/2026\/08\/30\/la-diferencia-entre-musica-y-ruido\/","og_site_name":"CreceElnegocio.com","article_publisher":"https:\/\/www.facebook.com\/coachjenkos\/","article_published_time":"2026-08-30T11:25:23+00:00","article_modified_time":"2026-08-30T11:43:01+00:00","og_image":[{"width":2160,"height":1214,"url":"https:\/\/i0.wp.com\/www.creceelnegocio.com\/wp-content\/uploads\/2026\/08\/crece-musica-ruido-16x9-1.jpg?fit=2160%2C1214&ssl=1","type":"image\/jpeg"}],"author":"the24crew the24crew","twitter_card":"summary_large_image","twitter_creator":"@coachjenkos","twitter_site":"@coachjenkos","twitter_misc":{"Written by":"the24crew the24crew","Est. reading time":"1 minute"},"schema":{"@context":"https:\/\/schema.org","@graph":[{"@type":"Article","@id":"https:\/\/www.creceelnegocio.com\/2026\/08\/30\/la-diferencia-entre-musica-y-ruido\/#article","isPartOf":{"@id":"https:\/\/www.creceelnegocio.com\/2026\/08\/30\/la-diferencia-entre-musica-y-ruido\/"},"author":{"name":"the24crew the24crew","@id":"https:\/\/www.creceelnegocio.com\/#\/schema\/person\/b3689096ec312a85f668540eccbf2743"},"headline":"La diferencia entre m\u00fasica y ruido","datePublished":"2026-08-30T11:25:23+00:00","dateModified":"2026-08-30T11:43:01+00:00","mainEntityOfPage":{"@id":"https:\/\/www.creceelnegocio.com\/2026\/08\/30\/la-diferencia-entre-musica-y-ruido\/"},"wordCount":194,"image":{"@id":"https:\/\/www.creceelnegocio.com\/2026\/08\/30\/la-diferencia-entre-musica-y-ruido\/#primaryimage"},"thumbnailUrl":"https:\/\/i0.wp.com\/www.creceelnegocio.com\/wp-content\/uploads\/2026\/08\/crece-musica-ruido-16x9-1.jpg?fit=2160%2C1214&ssl=1","articleSection":["Crecer el Negocio"],"inLanguage":"en-US"},{"@type":"WebPage","@id":"https:\/\/www.creceelnegocio.com\/2026\/08\/30\/la-diferencia-entre-musica-y-ruido\/","url":"https:\/\/www.creceelnegocio.com\/2026\/08\/30\/la-diferencia-entre-musica-y-ruido\/","name":"La diferencia entre m\u00fasica y ruido - CreceElnegocio.com","isPartOf":{"@id":"https:\/\/www.creceelnegocio.com\/#website"},"primaryImageOfPage":{"@id":"https:\/\/www.creceelnegocio.com\/2026\/08\/30\/la-diferencia-entre-musica-y-ruido\/#primaryimage"},"image":{"@id":"https:\/\/www.creceelnegocio.com\/2026\/08\/30\/la-diferencia-entre-musica-y-ruido\/#primaryimage"},"thumbnailUrl":"https:\/\/i0.wp.com\/www.creceelnegocio.com\/wp-content\/uploads\/2026\/08\/crece-musica-ruido-16x9-1.jpg?fit=2160%2C1214&ssl=1","datePublished":"2026-08-30T11:25:23+00:00","dateModified":"2026-08-30T11:43:01+00:00","author":{"@id":"https:\/\/www.creceelnegocio.com\/#\/schema\/person\/b3689096ec312a85f668540eccbf2743"},"breadcrumb":{"@id":"https:\/\/www.creceelnegocio.com\/2026\/08\/30\/la-diferencia-entre-musica-y-ruido\/#breadcrumb"},"inLanguage":"en-US","potentialAction":[{"@type":"ReadAction","target":["https:\/\/www.creceelnegocio.com\/2026\/08\/30\/la-diferencia-entre-musica-y-ruido\/"]}]},{"@type":"ImageObject","inLanguage":"en-US","@id":"https:\/\/www.creceelnegocio.com\/2026\/08\/30\/la-diferencia-entre-musica-y-ruido\/#primaryimage","url":"https:\/\/i0.wp.com\/www.creceelnegocio.com\/wp-content\/uploads\/2026\/08\/crece-musica-ruido-16x9-1.jpg?fit=2160%2C1214&ssl=1","contentUrl":"https:\/\/i0.wp.com\/www.creceelnegocio.com\/wp-content\/uploads\/2026\/08\/crece-musica-ruido-16x9-1.jpg?fit=2160%2C1214&ssl=1","width":2160,"height":1214},{"@type":"BreadcrumbList","@id":"https:\/\/www.creceelnegocio.com\/2026\/08\/30\/la-diferencia-entre-musica-y-ruido\/#breadcrumb","itemListElement":[{"@type":"ListItem","position":1,"name":"Home","item":"https:\/\/www.creceelnegocio.com\/"},{"@type":"ListItem","position":2,"name":"La diferencia entre m\u00fasica y ruido"}]},{"@type":"WebSite","@id":"https:\/\/www.creceelnegocio.com\/#website","url":"https:\/\/www.creceelnegocio.com\/","name":"CreceElnegocio.com","description":"Trabaja para que tu negocio trabaje para ti y no al rev\u00e9s.","potentialAction":[{"@type":"SearchAction","target":{"@type":"EntryPoint","urlTemplate":"https:\/\/www.creceelnegocio.com\/?s={search_term_string}"},"query-input":{"@type":"PropertyValueSpecification","valueRequired":true,"valueName":"search_term_string"}}],"inLanguage":"en-US"},{"@type":"Person","@id":"https:\/\/www.creceelnegocio.com\/#\/schema\/person\/b3689096ec312a85f668540eccbf2743","name":"the24crew the24crew","image":{"@type":"ImageObject","inLanguage":"en-US","@id":"https:\/\/secure.gravatar.com\/avatar\/293bce17b285909906e939a938ccc4ec33c7cbd51eb71a73520b4d3f5d1b1d68?s=96&d=mm&r=g","url":"https:\/\/secure.gravatar.com\/avatar\/293bce17b285909906e939a938ccc4ec33c7cbd51eb71a73520b4d3f5d1b1d68?s=96&d=mm&r=g","contentUrl":"https:\/\/secure.gravatar.com\/avatar\/293bce17b285909906e939a938ccc4ec33c7cbd51eb71a73520b4d3f5d1b1d68?s=96&d=mm&r=g","caption":"the24crew the24crew"},"url":"https:\/\/www.creceelnegocio.com\/en\/author\/the24crew\/"}]}},"jetpack_featured_media_url":"https:\/\/i0.wp.com\/www.creceelnegocio.com\/wp-content\/uploads\/2026\/08\/crece-musica-ruido-16x9-1.jpg?fit=2160%2C1214&ssl=1","jetpack-related-posts":[],"_links":{"self":[{"href":"https:\/\/www.creceelnegocio.com\/en\/wp-json\/wp\/v2\/posts\/1201","targetHints":{"allow":["GET"]}}],"collection":[{"href":"https:\/\/www.creceelnegocio.com\/en\/wp-json\/wp\/v2\/posts"}],"about":[{"href":"https:\/\/www.creceelnegocio.com\/en\/wp-json\/wp\/v2\/types\/post"}],"author":[{"embeddable":true,"href":"https:\/\/www.creceelnegocio.com\/en\/wp-json\/wp\/v2\/users\/3"}],"replies":[{"embeddable":true,"href":"https:\/\/www.creceelnegocio.com\/en\/wp-json\/wp\/v2\/comments?post=1201"}],"version-history":[{"count":4,"href":"https:\/\/www.creceelnegocio.com\/en\/wp-json\/wp\/v2\/posts\/1201\/revisions"}],"predecessor-version":[{"id":1206,"href":"https:\/\/www.creceelnegocio.com\/en\/wp-json\/wp\/v2\/posts\/1201\/revisions\/1206"}],"wp:featuredmedia":[{"embeddable":true,"href":"https:\/\/www.creceelnegocio.com\/en\/wp-json\/wp\/v2\/media\/1205"}],"wp:attachment":[{"href":"https:\/\/www.creceelnegocio.com\/en\/wp-json\/wp\/v2\/media?parent=1201"}],"wp:term":[{"taxonomy":"category","embeddable":true,"href":"https:\/\/www.creceelnegocio.com\/en\/wp-json\/wp\/v2\/categories?post=1201"},{"taxonomy":"post_tag","embeddable":true,"href":"https:\/\/www.creceelnegocio.com\/en\/wp-json\/wp\/v2\/tags?post=1201"}],"curies":[{"name":"wp","href":"https:\/\/api.w.org\/{rel}","templated":true}]}}